{"id":6618,"date":"2024-06-07T20:54:02","date_gmt":"2024-06-07T18:54:02","guid":{"rendered":"https:\/\/sacrafestival.org\/su-garrido\/"},"modified":"2024-06-07T20:54:02","modified_gmt":"2024-06-07T18:54:02","slug":"su-garrido","status":"publish","type":"post","link":"https:\/\/sacrafestival.org\/es\/su-garrido\/","title":{"rendered":"Su Garrido"},"content":{"rendered":"<p>Susana Garrido Pombo es una cantante, m\u00fasica y compositora galega. Su estilo musical abraza varios g\u00e9neros con matices de bossa, folk, jazz o lat\u00edn.<br \/>\nSe cri\u00f3 en Traspielas, en el municipio de Fornelos de Montes, donde las estancias con su abuela Leonora marcaron su m\u00fasica.<br \/>\nTiene una amplia formaci\u00f3n acad\u00e9mica: Conservatorio de guitarra Historia del arte y musicolog\u00eda.<\/p>\n<p>Form\u00f3 parte del grupo folcl\u00f3rico Lembranzas Galegas, del grupo Sonhos, del grupo TREME (con Margarida Mari\u00f1o) y en 2018 de \u00abSon Tr\u00edo\u00bb con la pianista y compositora Katerina Linke y la violonchelista Susanna Blanco.<\/p>\n<p>En 2018 grab\u00f3 su primer disco en solitario \u00abQuedo a vivir aqu\u00ed\u00bb y lo present\u00f3 con giras por Galicia, Portugal e Irlanda. En diciembre de 2022 sali\u00f3 \u00abPatios de luz\u00bb.<\/p>\n<p>&nbsp;<\/p>\n<p><img decoding=\"async\" class=\"size-full wp-image-6524 aligncenter\" src=\"https:\/\/sacrafestival.org\/wp-content\/uploads\/2024\/06\/su-garrido-sacra-festival.jpg\" alt=\"Su Garrido Sacra Festival\" width=\"1000\" height=\"667\" srcset=\"https:\/\/sacrafestival.org\/wp-content\/uploads\/2024\/06\/su-garrido-sacra-festival.jpg 1000w, https:\/\/sacrafestival.org\/wp-content\/uploads\/2024\/06\/su-garrido-sacra-festival-980x654.jpg 980w, https:\/\/sacrafestival.org\/wp-content\/uploads\/2024\/06\/su-garrido-sacra-festival-480x320.jpg 480w\" sizes=\"(min-width: 0px) and (max-width: 480px) 480px, (min-width: 481px) and (max-width: 980px) 980px, (min-width: 981px) 1000px, 100vw\" \/><\/p>\n","protected":false},"excerpt":{"rendered":"<p>Susana Garrido Pombo es una cantante, m\u00fasica y compositora galega. Su estilo musical abraza varios g\u00e9neros con matices de bossa, folk, jazz o lat\u00edn. Se cri\u00f3 en Traspielas, en el municipio de Fornelos de Montes, donde las estancias con su abuela Leonora marcaron su m\u00fasica. Tiene una amplia formaci\u00f3n acad\u00e9mica: Conservatorio de guitarra Historia del [&hellip;]<\/p>\n","protected":false},"author":3,"featured_media":6514,"comment_status":"open","ping_status":"open","sticky":false,"template":"","format":"standard","meta":{"_et_pb_use_builder":"","_et_pb_old_content":"","_et_gb_content_width":"","footnotes":""},"categories":[202],"tags":[],"class_list":["post-6618","post","type-post","status-publish","format-standard","has-post-thumbnail","hentry","category-artistas-es"],"yoast_head":"<!-- This site is optimized with the Yoast SEO plugin v27.4 - https:\/\/yoast.com\/product\/yoast-seo-wordpress\/ -->\n<title>Su Garrido - Sacra Festival<\/title>\n<meta name=\"robots\" content=\"index, follow, max-snippet:-1, max-image-preview:large, max-video-preview:-1\" \/>\n<link rel=\"canonical\" href=\"https:\/\/sacrafestival.org\/es\/su-garrido\/\" \/>\n<meta property=\"og:locale\" content=\"es_ES\" \/>\n<meta property=\"og:type\" content=\"article\" \/>\n<meta property=\"og:title\" content=\"Su Garrido - Sacra Festival\" \/>\n<meta property=\"og:description\" content=\"Susana Garrido Pombo es una cantante, m\u00fasica y compositora galega. Su estilo musical abraza varios g\u00e9neros con matices de bossa, folk, jazz o lat\u00edn. Se cri\u00f3 en Traspielas, en el municipio de Fornelos de Montes, donde las estancias con su abuela Leonora marcaron su m\u00fasica. Tiene una amplia formaci\u00f3n acad\u00e9mica: Conservatorio de guitarra Historia del [&hellip;]\" \/>\n<meta property=\"og:url\" content=\"https:\/\/sacrafestival.org\/es\/su-garrido\/\" \/>\n<meta property=\"og:site_name\" content=\"Sacra Festival\" \/>\n<meta property=\"article:published_time\" content=\"2024-06-07T18:54:02+00:00\" \/>\n<meta property=\"og:image\" content=\"https:\/\/sacrafestival.org\/wp-content\/uploads\/2024\/06\/su-garrido.jpg\" \/>\n\t<meta property=\"og:image:width\" content=\"1000\" \/>\n\t<meta property=\"og:image:height\" content=\"667\" \/>\n\t<meta property=\"og:image:type\" content=\"image\/jpeg\" \/>\n<meta name=\"author\" content=\"Agustin Sanoguera Gongora\" \/>\n<meta name=\"twitter:card\" content=\"summary_large_image\" \/>\n<meta name=\"twitter:label1\" content=\"Escrito por\" \/>\n\t<meta name=\"twitter:data1\" content=\"Agustin Sanoguera Gongora\" \/>\n\t<meta name=\"twitter:label2\" content=\"Tiempo de lectura\" \/>\n\t<meta name=\"twitter:data2\" content=\"1 minuto\" \/>\n<script type=\"application\/ld+json\" class=\"yoast-schema-graph\">{\"@context\":\"https:\\\/\\\/schema.org\",\"@graph\":[{\"@type\":\"Article\",\"@id\":\"https:\\\/\\\/sacrafestival.org\\\/es\\\/su-garrido\\\/#article\",\"isPartOf\":{\"@id\":\"https:\\\/\\\/sacrafestival.org\\\/es\\\/su-garrido\\\/\"},\"author\":{\"name\":\"Agustin Sanoguera Gongora\",\"@id\":\"https:\\\/\\\/sacrafestival.org\\\/en\\\/#\\\/schema\\\/person\\\/78be82691b29bd34186c0e943b641397\"},\"headline\":\"Su Garrido\",\"datePublished\":\"2024-06-07T18:54:02+00:00\",\"mainEntityOfPage\":{\"@id\":\"https:\\\/\\\/sacrafestival.org\\\/es\\\/su-garrido\\\/\"},\"wordCount\":132,\"commentCount\":0,\"image\":{\"@id\":\"https:\\\/\\\/sacrafestival.org\\\/es\\\/su-garrido\\\/#primaryimage\"},\"thumbnailUrl\":\"https:\\\/\\\/sacrafestival.org\\\/wp-content\\\/uploads\\\/2024\\\/06\\\/su-garrido.jpg\",\"articleSection\":[\"Artistas\"],\"inLanguage\":\"es\",\"potentialAction\":[{\"@type\":\"CommentAction\",\"name\":\"Comment\",\"target\":[\"https:\\\/\\\/sacrafestival.org\\\/es\\\/su-garrido\\\/#respond\"]}]},{\"@type\":\"WebPage\",\"@id\":\"https:\\\/\\\/sacrafestival.org\\\/es\\\/su-garrido\\\/\",\"url\":\"https:\\\/\\\/sacrafestival.org\\\/es\\\/su-garrido\\\/\",\"name\":\"Su Garrido - Sacra Festival\",\"isPartOf\":{\"@id\":\"https:\\\/\\\/sacrafestival.org\\\/en\\\/#website\"},\"primaryImageOfPage\":{\"@id\":\"https:\\\/\\\/sacrafestival.org\\\/es\\\/su-garrido\\\/#primaryimage\"},\"image\":{\"@id\":\"https:\\\/\\\/sacrafestival.org\\\/es\\\/su-garrido\\\/#primaryimage\"},\"thumbnailUrl\":\"https:\\\/\\\/sacrafestival.org\\\/wp-content\\\/uploads\\\/2024\\\/06\\\/su-garrido.jpg\",\"datePublished\":\"2024-06-07T18:54:02+00:00\",\"author\":{\"@id\":\"https:\\\/\\\/sacrafestival.org\\\/en\\\/#\\\/schema\\\/person\\\/78be82691b29bd34186c0e943b641397\"},\"breadcrumb\":{\"@id\":\"https:\\\/\\\/sacrafestival.org\\\/es\\\/su-garrido\\\/#breadcrumb\"},\"inLanguage\":\"es\",\"potentialAction\":[{\"@type\":\"ReadAction\",\"target\":[\"https:\\\/\\\/sacrafestival.org\\\/es\\\/su-garrido\\\/\"]}]},{\"@type\":\"ImageObject\",\"inLanguage\":\"es\",\"@id\":\"https:\\\/\\\/sacrafestival.org\\\/es\\\/su-garrido\\\/#primaryimage\",\"url\":\"https:\\\/\\\/sacrafestival.org\\\/wp-content\\\/uploads\\\/2024\\\/06\\\/su-garrido.jpg\",\"contentUrl\":\"https:\\\/\\\/sacrafestival.org\\\/wp-content\\\/uploads\\\/2024\\\/06\\\/su-garrido.jpg\",\"width\":1000,\"height\":667,\"caption\":\"Su Garrido\"},{\"@type\":\"BreadcrumbList\",\"@id\":\"https:\\\/\\\/sacrafestival.org\\\/es\\\/su-garrido\\\/#breadcrumb\",\"itemListElement\":[{\"@type\":\"ListItem\",\"position\":1,\"name\":\"Portada\",\"item\":\"https:\\\/\\\/sacrafestival.org\\\/es\\\/sacra-festival\\\/\"},{\"@type\":\"ListItem\",\"position\":2,\"name\":\"Su Garrido\"}]},{\"@type\":\"WebSite\",\"@id\":\"https:\\\/\\\/sacrafestival.org\\\/en\\\/#website\",\"url\":\"https:\\\/\\\/sacrafestival.org\\\/en\\\/\",\"name\":\"Sacra Festival\",\"description\":\"Artes, natureza e vi\u00f1o\",\"potentialAction\":[{\"@type\":\"SearchAction\",\"target\":{\"@type\":\"EntryPoint\",\"urlTemplate\":\"https:\\\/\\\/sacrafestival.org\\\/en\\\/?s={search_term_string}\"},\"query-input\":{\"@type\":\"PropertyValueSpecification\",\"valueRequired\":true,\"valueName\":\"search_term_string\"}}],\"inLanguage\":\"es\"},{\"@type\":\"Person\",\"@id\":\"https:\\\/\\\/sacrafestival.org\\\/en\\\/#\\\/schema\\\/person\\\/78be82691b29bd34186c0e943b641397\",\"name\":\"Agustin Sanoguera Gongora\",\"image\":{\"@type\":\"ImageObject\",\"inLanguage\":\"es\",\"@id\":\"https:\\\/\\\/sacrafestival.org\\\/wp-content\\\/litespeed\\\/avatar\\\/4fbca4d1afda4ad5e2c5c9add26fd623.jpg?ver=1777569630\",\"url\":\"https:\\\/\\\/sacrafestival.org\\\/wp-content\\\/litespeed\\\/avatar\\\/4fbca4d1afda4ad5e2c5c9add26fd623.jpg?ver=1777569630\",\"contentUrl\":\"https:\\\/\\\/sacrafestival.org\\\/wp-content\\\/litespeed\\\/avatar\\\/4fbca4d1afda4ad5e2c5c9add26fd623.jpg?ver=1777569630\",\"caption\":\"Agustin Sanoguera Gongora\"},\"url\":\"https:\\\/\\\/sacrafestival.org\\\/es\\\/author\\\/agus\\\/\"}]}<\/script>\n<!-- \/ Yoast SEO plugin. -->","yoast_head_json":{"title":"Su Garrido - Sacra Festival","robots":{"index":"index","follow":"follow","max-snippet":"max-snippet:-1","max-image-preview":"max-image-preview:large","max-video-preview":"max-video-preview:-1"},"canonical":"https:\/\/sacrafestival.org\/es\/su-garrido\/","og_locale":"es_ES","og_type":"article","og_title":"Su Garrido - Sacra Festival","og_description":"Susana Garrido Pombo es una cantante, m\u00fasica y compositora galega. Su estilo musical abraza varios g\u00e9neros con matices de bossa, folk, jazz o lat\u00edn. Se cri\u00f3 en Traspielas, en el municipio de Fornelos de Montes, donde las estancias con su abuela Leonora marcaron su m\u00fasica. Tiene una amplia formaci\u00f3n acad\u00e9mica: Conservatorio de guitarra Historia del [&hellip;]","og_url":"https:\/\/sacrafestival.org\/es\/su-garrido\/","og_site_name":"Sacra Festival","article_published_time":"2024-06-07T18:54:02+00:00","og_image":[{"width":1000,"height":667,"url":"https:\/\/sacrafestival.org\/wp-content\/uploads\/2024\/06\/su-garrido.jpg","type":"image\/jpeg"}],"author":"Agustin Sanoguera Gongora","twitter_card":"summary_large_image","twitter_misc":{"Escrito por":"Agustin Sanoguera Gongora","Tiempo de lectura":"1 minuto"},"schema":{"@context":"https:\/\/schema.org","@graph":[{"@type":"Article","@id":"https:\/\/sacrafestival.org\/es\/su-garrido\/#article","isPartOf":{"@id":"https:\/\/sacrafestival.org\/es\/su-garrido\/"},"author":{"name":"Agustin Sanoguera Gongora","@id":"https:\/\/sacrafestival.org\/en\/#\/schema\/person\/78be82691b29bd34186c0e943b641397"},"headline":"Su Garrido","datePublished":"2024-06-07T18:54:02+00:00","mainEntityOfPage":{"@id":"https:\/\/sacrafestival.org\/es\/su-garrido\/"},"wordCount":132,"commentCount":0,"image":{"@id":"https:\/\/sacrafestival.org\/es\/su-garrido\/#primaryimage"},"thumbnailUrl":"https:\/\/sacrafestival.org\/wp-content\/uploads\/2024\/06\/su-garrido.jpg","articleSection":["Artistas"],"inLanguage":"es","potentialAction":[{"@type":"CommentAction","name":"Comment","target":["https:\/\/sacrafestival.org\/es\/su-garrido\/#respond"]}]},{"@type":"WebPage","@id":"https:\/\/sacrafestival.org\/es\/su-garrido\/","url":"https:\/\/sacrafestival.org\/es\/su-garrido\/","name":"Su Garrido - Sacra Festival","isPartOf":{"@id":"https:\/\/sacrafestival.org\/en\/#website"},"primaryImageOfPage":{"@id":"https:\/\/sacrafestival.org\/es\/su-garrido\/#primaryimage"},"image":{"@id":"https:\/\/sacrafestival.org\/es\/su-garrido\/#primaryimage"},"thumbnailUrl":"https:\/\/sacrafestival.org\/wp-content\/uploads\/2024\/06\/su-garrido.jpg","datePublished":"2024-06-07T18:54:02+00:00","author":{"@id":"https:\/\/sacrafestival.org\/en\/#\/schema\/person\/78be82691b29bd34186c0e943b641397"},"breadcrumb":{"@id":"https:\/\/sacrafestival.org\/es\/su-garrido\/#breadcrumb"},"inLanguage":"es","potentialAction":[{"@type":"ReadAction","target":["https:\/\/sacrafestival.org\/es\/su-garrido\/"]}]},{"@type":"ImageObject","inLanguage":"es","@id":"https:\/\/sacrafestival.org\/es\/su-garrido\/#primaryimage","url":"https:\/\/sacrafestival.org\/wp-content\/uploads\/2024\/06\/su-garrido.jpg","contentUrl":"https:\/\/sacrafestival.org\/wp-content\/uploads\/2024\/06\/su-garrido.jpg","width":1000,"height":667,"caption":"Su Garrido"},{"@type":"BreadcrumbList","@id":"https:\/\/sacrafestival.org\/es\/su-garrido\/#breadcrumb","itemListElement":[{"@type":"ListItem","position":1,"name":"Portada","item":"https:\/\/sacrafestival.org\/es\/sacra-festival\/"},{"@type":"ListItem","position":2,"name":"Su Garrido"}]},{"@type":"WebSite","@id":"https:\/\/sacrafestival.org\/en\/#website","url":"https:\/\/sacrafestival.org\/en\/","name":"Sacra Festival","description":"Artes, natureza e vi\u00f1o","potentialAction":[{"@type":"SearchAction","target":{"@type":"EntryPoint","urlTemplate":"https:\/\/sacrafestival.org\/en\/?s={search_term_string}"},"query-input":{"@type":"PropertyValueSpecification","valueRequired":true,"valueName":"search_term_string"}}],"inLanguage":"es"},{"@type":"Person","@id":"https:\/\/sacrafestival.org\/en\/#\/schema\/person\/78be82691b29bd34186c0e943b641397","name":"Agustin Sanoguera Gongora","image":{"@type":"ImageObject","inLanguage":"es","@id":"https:\/\/sacrafestival.org\/wp-content\/litespeed\/avatar\/4fbca4d1afda4ad5e2c5c9add26fd623.jpg?ver=1777569630","url":"https:\/\/sacrafestival.org\/wp-content\/litespeed\/avatar\/4fbca4d1afda4ad5e2c5c9add26fd623.jpg?ver=1777569630","contentUrl":"https:\/\/sacrafestival.org\/wp-content\/litespeed\/avatar\/4fbca4d1afda4ad5e2c5c9add26fd623.jpg?ver=1777569630","caption":"Agustin Sanoguera Gongora"},"url":"https:\/\/sacrafestival.org\/es\/author\/agus\/"}]}},"_links":{"self":[{"href":"https:\/\/sacrafestival.org\/es\/wp-json\/wp\/v2\/posts\/6618","targetHints":{"allow":["GET"]}}],"collection":[{"href":"https:\/\/sacrafestival.org\/es\/wp-json\/wp\/v2\/posts"}],"about":[{"href":"https:\/\/sacrafestival.org\/es\/wp-json\/wp\/v2\/types\/post"}],"author":[{"embeddable":true,"href":"https:\/\/sacrafestival.org\/es\/wp-json\/wp\/v2\/users\/3"}],"replies":[{"embeddable":true,"href":"https:\/\/sacrafestival.org\/es\/wp-json\/wp\/v2\/comments?post=6618"}],"version-history":[{"count":0,"href":"https:\/\/sacrafestival.org\/es\/wp-json\/wp\/v2\/posts\/6618\/revisions"}],"wp:featuredmedia":[{"embeddable":true,"href":"https:\/\/sacrafestival.org\/es\/wp-json\/wp\/v2\/media\/6514"}],"wp:attachment":[{"href":"https:\/\/sacrafestival.org\/es\/wp-json\/wp\/v2\/media?parent=6618"}],"wp:term":[{"taxonomy":"category","embeddable":true,"href":"https:\/\/sacrafestival.org\/es\/wp-json\/wp\/v2\/categories?post=6618"},{"taxonomy":"post_tag","embeddable":true,"href":"https:\/\/sacrafestival.org\/es\/wp-json\/wp\/v2\/tags?post=6618"}],"curies":[{"name":"wp","href":"https:\/\/api.w.org\/{rel}","templated":true}]}}