{"id":6625,"date":"2024-06-07T21:19:23","date_gmt":"2024-06-07T19:19:23","guid":{"rendered":"https:\/\/sacrafestival.org\/janet-novas\/"},"modified":"2025-03-24T19:05:01","modified_gmt":"2025-03-24T18:05:01","slug":"janet-novas","status":"publish","type":"post","link":"https:\/\/sacrafestival.org\/en\/janet-novas\/","title":{"rendered":"Janet Nov\u00e1s"},"content":{"rendered":"<p>It is born in me, it comes out, it has to come out and manifest itself. I don&#8217;t know what it is, or what it is called, I only know that it exists and wants to be visible.e. <\/p>\n<p>It wants to speak and be, to be something tangible so that it can be faithful and true to the gaze of others and to my own gaze. It wants to manifest itself from an image, from sound, from silence. It wants to be born even if it dies at that moment. &#8230;<\/p>\n<p><strong>\u2026And I am at the service of making that happen.<\/strong><\/p>\n<p>Bailarina e int\u00e9rprete, core\u00f3grafa e profesora Reside en Madrid desde 2001. Formouse en danza contempor\u00e1nea entre Madrid, Bruxelas e Berl\u00edn. En 2007 comezou a crear e desenvolver a s\u00faa propia<br \/>\nproxectos en solitario.O seu traballo constr\u00faese a partir da observaci\u00f3n, a experiencia e o di\u00e1logo co seu corpo como principal ferramenta de traballo, apostando pola s\u00faa propia linguaxe, conformando o contido.<br \/>\nsinxeleza emocional e est\u00e9tica que caracterizan as s\u00faas obras.  <\/p>\n<p>She received several awards, among which the &#8220;Premio Injuve 2011&#8221; and the &#8220;Premio da Cr\u00edtica Catalana&#8221; for the best dancer for the piece &#8220;Mercedes m\u00e8s eu&#8221; stand out, and recently the Goya Award 2024 for the actress.<br \/>\nrevelation for his role in The Horn. His creations have been presented in different national and international festivals such as Rencontres Chor\u00e9graphiques, Festival de Marseille, Festival Nouvelles-Pole Sud, Cement Festival, Dan\u00e7a en Transito, MOV_S, TNT Dansa, Autumn to Spring Festival, Escenas do Cambio and the Bad Festival, among others. <\/p>\n<p>&nbsp;<\/p>\n","protected":false},"excerpt":{"rendered":"<p>It is born in me, it comes out, it has to come out and manifest itself. I don&#8217;t know what it is, or what it is called, I only know that it exists and wants to be visible.e. It wants to speak and be, to be something tangible so that it can be faithful and [&hellip;]<\/p>\n","protected":false},"author":3,"featured_media":7080,"comment_status":"open","ping_status":"open","sticky":false,"template":"","format":"standard","meta":{"_et_pb_use_builder":"","_et_pb_old_content":"","_et_gb_content_width":"","footnotes":""},"categories":[203],"tags":[],"class_list":["post-6625","post","type-post","status-publish","format-standard","has-post-thumbnail","hentry","category-artists"],"yoast_head":"<!-- This site is optimized with the Yoast SEO plugin v27.4 - https:\/\/yoast.com\/product\/yoast-seo-wordpress\/ -->\n<title>Janet Nov\u00e1s - Sacra Festival<\/title>\n<meta name=\"robots\" content=\"index, follow, max-snippet:-1, max-image-preview:large, max-video-preview:-1\" \/>\n<link rel=\"canonical\" href=\"https:\/\/sacrafestival.org\/en\/janet-novas\/\" \/>\n<meta property=\"og:locale\" content=\"en_US\" \/>\n<meta property=\"og:type\" content=\"article\" \/>\n<meta property=\"og:title\" content=\"Janet Nov\u00e1s - Sacra Festival\" \/>\n<meta property=\"og:description\" content=\"It is born in me, it comes out, it has to come out and manifest itself. I don&#8217;t know what it is, or what it is called, I only know that it exists and wants to be visible.e. It wants to speak and be, to be something tangible so that it can be faithful and [&hellip;]\" \/>\n<meta property=\"og:url\" content=\"https:\/\/sacrafestival.org\/en\/janet-novas\/\" \/>\n<meta property=\"og:site_name\" content=\"Sacra Festival\" \/>\n<meta property=\"article:published_time\" content=\"2024-06-07T19:19:23+00:00\" \/>\n<meta property=\"article:modified_time\" content=\"2025-03-24T18:05:01+00:00\" \/>\n<meta property=\"og:image\" content=\"https:\/\/sacrafestival.org\/wp-content\/uploads\/2025\/03\/janet-novas.jpg\" \/>\n\t<meta property=\"og:image:width\" content=\"796\" \/>\n\t<meta property=\"og:image:height\" content=\"572\" \/>\n\t<meta property=\"og:image:type\" content=\"image\/jpeg\" \/>\n<meta name=\"author\" content=\"Agustin Sanoguera Gongora\" \/>\n<meta name=\"twitter:card\" content=\"summary_large_image\" \/>\n<meta name=\"twitter:label1\" content=\"Written by\" \/>\n\t<meta name=\"twitter:data1\" content=\"Agustin Sanoguera Gongora\" \/>\n\t<meta name=\"twitter:label2\" content=\"Est. reading time\" \/>\n\t<meta name=\"twitter:data2\" content=\"1 minute\" \/>\n<script type=\"application\/ld+json\" class=\"yoast-schema-graph\">{\"@context\":\"https:\\\/\\\/schema.org\",\"@graph\":[{\"@type\":\"Article\",\"@id\":\"https:\\\/\\\/sacrafestival.org\\\/en\\\/janet-novas\\\/#article\",\"isPartOf\":{\"@id\":\"https:\\\/\\\/sacrafestival.org\\\/en\\\/janet-novas\\\/\"},\"author\":{\"name\":\"Agustin Sanoguera Gongora\",\"@id\":\"https:\\\/\\\/sacrafestival.org\\\/en\\\/#\\\/schema\\\/person\\\/78be82691b29bd34186c0e943b641397\"},\"headline\":\"Janet Nov\u00e1s\",\"datePublished\":\"2024-06-07T19:19:23+00:00\",\"dateModified\":\"2025-03-24T18:05:01+00:00\",\"mainEntityOfPage\":{\"@id\":\"https:\\\/\\\/sacrafestival.org\\\/en\\\/janet-novas\\\/\"},\"wordCount\":275,\"commentCount\":0,\"image\":{\"@id\":\"https:\\\/\\\/sacrafestival.org\\\/en\\\/janet-novas\\\/#primaryimage\"},\"thumbnailUrl\":\"https:\\\/\\\/sacrafestival.org\\\/wp-content\\\/uploads\\\/2025\\\/03\\\/janet-novas.jpg\",\"articleSection\":[\"Artists\"],\"inLanguage\":\"en-US\",\"potentialAction\":[{\"@type\":\"CommentAction\",\"name\":\"Comment\",\"target\":[\"https:\\\/\\\/sacrafestival.org\\\/en\\\/janet-novas\\\/#respond\"]}]},{\"@type\":\"WebPage\",\"@id\":\"https:\\\/\\\/sacrafestival.org\\\/en\\\/janet-novas\\\/\",\"url\":\"https:\\\/\\\/sacrafestival.org\\\/en\\\/janet-novas\\\/\",\"name\":\"Janet Nov\u00e1s - Sacra Festival\",\"isPartOf\":{\"@id\":\"https:\\\/\\\/sacrafestival.org\\\/en\\\/#website\"},\"primaryImageOfPage\":{\"@id\":\"https:\\\/\\\/sacrafestival.org\\\/en\\\/janet-novas\\\/#primaryimage\"},\"image\":{\"@id\":\"https:\\\/\\\/sacrafestival.org\\\/en\\\/janet-novas\\\/#primaryimage\"},\"thumbnailUrl\":\"https:\\\/\\\/sacrafestival.org\\\/wp-content\\\/uploads\\\/2025\\\/03\\\/janet-novas.jpg\",\"datePublished\":\"2024-06-07T19:19:23+00:00\",\"dateModified\":\"2025-03-24T18:05:01+00:00\",\"author\":{\"@id\":\"https:\\\/\\\/sacrafestival.org\\\/en\\\/#\\\/schema\\\/person\\\/78be82691b29bd34186c0e943b641397\"},\"breadcrumb\":{\"@id\":\"https:\\\/\\\/sacrafestival.org\\\/en\\\/janet-novas\\\/#breadcrumb\"},\"inLanguage\":\"en-US\",\"potentialAction\":[{\"@type\":\"ReadAction\",\"target\":[\"https:\\\/\\\/sacrafestival.org\\\/en\\\/janet-novas\\\/\"]}]},{\"@type\":\"ImageObject\",\"inLanguage\":\"en-US\",\"@id\":\"https:\\\/\\\/sacrafestival.org\\\/en\\\/janet-novas\\\/#primaryimage\",\"url\":\"https:\\\/\\\/sacrafestival.org\\\/wp-content\\\/uploads\\\/2025\\\/03\\\/janet-novas.jpg\",\"contentUrl\":\"https:\\\/\\\/sacrafestival.org\\\/wp-content\\\/uploads\\\/2025\\\/03\\\/janet-novas.jpg\",\"width\":796,\"height\":572,\"caption\":\"Janet Nov\u00e1s\"},{\"@type\":\"BreadcrumbList\",\"@id\":\"https:\\\/\\\/sacrafestival.org\\\/en\\\/janet-novas\\\/#breadcrumb\",\"itemListElement\":[{\"@type\":\"ListItem\",\"position\":1,\"name\":\"Portada\",\"item\":\"https:\\\/\\\/sacrafestival.org\\\/en\\\/home\\\/\"},{\"@type\":\"ListItem\",\"position\":2,\"name\":\"Janet Nov\u00e1s\"}]},{\"@type\":\"WebSite\",\"@id\":\"https:\\\/\\\/sacrafestival.org\\\/en\\\/#website\",\"url\":\"https:\\\/\\\/sacrafestival.org\\\/en\\\/\",\"name\":\"Sacra Festival\",\"description\":\"Artes, natureza e vi\u00f1o\",\"potentialAction\":[{\"@type\":\"SearchAction\",\"target\":{\"@type\":\"EntryPoint\",\"urlTemplate\":\"https:\\\/\\\/sacrafestival.org\\\/en\\\/?s={search_term_string}\"},\"query-input\":{\"@type\":\"PropertyValueSpecification\",\"valueRequired\":true,\"valueName\":\"search_term_string\"}}],\"inLanguage\":\"en-US\"},{\"@type\":\"Person\",\"@id\":\"https:\\\/\\\/sacrafestival.org\\\/en\\\/#\\\/schema\\\/person\\\/78be82691b29bd34186c0e943b641397\",\"name\":\"Agustin Sanoguera Gongora\",\"image\":{\"@type\":\"ImageObject\",\"inLanguage\":\"en-US\",\"@id\":\"https:\\\/\\\/sacrafestival.org\\\/wp-content\\\/litespeed\\\/avatar\\\/4fbca4d1afda4ad5e2c5c9add26fd623.jpg?ver=1777569630\",\"url\":\"https:\\\/\\\/sacrafestival.org\\\/wp-content\\\/litespeed\\\/avatar\\\/4fbca4d1afda4ad5e2c5c9add26fd623.jpg?ver=1777569630\",\"contentUrl\":\"https:\\\/\\\/sacrafestival.org\\\/wp-content\\\/litespeed\\\/avatar\\\/4fbca4d1afda4ad5e2c5c9add26fd623.jpg?ver=1777569630\",\"caption\":\"Agustin Sanoguera Gongora\"},\"url\":\"https:\\\/\\\/sacrafestival.org\\\/en\\\/author\\\/agus\\\/\"}]}<\/script>\n<!-- \/ Yoast SEO plugin. -->","yoast_head_json":{"title":"Janet Nov\u00e1s - Sacra Festival","robots":{"index":"index","follow":"follow","max-snippet":"max-snippet:-1","max-image-preview":"max-image-preview:large","max-video-preview":"max-video-preview:-1"},"canonical":"https:\/\/sacrafestival.org\/en\/janet-novas\/","og_locale":"en_US","og_type":"article","og_title":"Janet Nov\u00e1s - Sacra Festival","og_description":"It is born in me, it comes out, it has to come out and manifest itself. I don&#8217;t know what it is, or what it is called, I only know that it exists and wants to be visible.e. It wants to speak and be, to be something tangible so that it can be faithful and [&hellip;]","og_url":"https:\/\/sacrafestival.org\/en\/janet-novas\/","og_site_name":"Sacra Festival","article_published_time":"2024-06-07T19:19:23+00:00","article_modified_time":"2025-03-24T18:05:01+00:00","og_image":[{"width":796,"height":572,"url":"https:\/\/sacrafestival.org\/wp-content\/uploads\/2025\/03\/janet-novas.jpg","type":"image\/jpeg"}],"author":"Agustin Sanoguera Gongora","twitter_card":"summary_large_image","twitter_misc":{"Written by":"Agustin Sanoguera Gongora","Est. reading time":"1 minute"},"schema":{"@context":"https:\/\/schema.org","@graph":[{"@type":"Article","@id":"https:\/\/sacrafestival.org\/en\/janet-novas\/#article","isPartOf":{"@id":"https:\/\/sacrafestival.org\/en\/janet-novas\/"},"author":{"name":"Agustin Sanoguera Gongora","@id":"https:\/\/sacrafestival.org\/en\/#\/schema\/person\/78be82691b29bd34186c0e943b641397"},"headline":"Janet Nov\u00e1s","datePublished":"2024-06-07T19:19:23+00:00","dateModified":"2025-03-24T18:05:01+00:00","mainEntityOfPage":{"@id":"https:\/\/sacrafestival.org\/en\/janet-novas\/"},"wordCount":275,"commentCount":0,"image":{"@id":"https:\/\/sacrafestival.org\/en\/janet-novas\/#primaryimage"},"thumbnailUrl":"https:\/\/sacrafestival.org\/wp-content\/uploads\/2025\/03\/janet-novas.jpg","articleSection":["Artists"],"inLanguage":"en-US","potentialAction":[{"@type":"CommentAction","name":"Comment","target":["https:\/\/sacrafestival.org\/en\/janet-novas\/#respond"]}]},{"@type":"WebPage","@id":"https:\/\/sacrafestival.org\/en\/janet-novas\/","url":"https:\/\/sacrafestival.org\/en\/janet-novas\/","name":"Janet Nov\u00e1s - Sacra Festival","isPartOf":{"@id":"https:\/\/sacrafestival.org\/en\/#website"},"primaryImageOfPage":{"@id":"https:\/\/sacrafestival.org\/en\/janet-novas\/#primaryimage"},"image":{"@id":"https:\/\/sacrafestival.org\/en\/janet-novas\/#primaryimage"},"thumbnailUrl":"https:\/\/sacrafestival.org\/wp-content\/uploads\/2025\/03\/janet-novas.jpg","datePublished":"2024-06-07T19:19:23+00:00","dateModified":"2025-03-24T18:05:01+00:00","author":{"@id":"https:\/\/sacrafestival.org\/en\/#\/schema\/person\/78be82691b29bd34186c0e943b641397"},"breadcrumb":{"@id":"https:\/\/sacrafestival.org\/en\/janet-novas\/#breadcrumb"},"inLanguage":"en-US","potentialAction":[{"@type":"ReadAction","target":["https:\/\/sacrafestival.org\/en\/janet-novas\/"]}]},{"@type":"ImageObject","inLanguage":"en-US","@id":"https:\/\/sacrafestival.org\/en\/janet-novas\/#primaryimage","url":"https:\/\/sacrafestival.org\/wp-content\/uploads\/2025\/03\/janet-novas.jpg","contentUrl":"https:\/\/sacrafestival.org\/wp-content\/uploads\/2025\/03\/janet-novas.jpg","width":796,"height":572,"caption":"Janet Nov\u00e1s"},{"@type":"BreadcrumbList","@id":"https:\/\/sacrafestival.org\/en\/janet-novas\/#breadcrumb","itemListElement":[{"@type":"ListItem","position":1,"name":"Portada","item":"https:\/\/sacrafestival.org\/en\/home\/"},{"@type":"ListItem","position":2,"name":"Janet Nov\u00e1s"}]},{"@type":"WebSite","@id":"https:\/\/sacrafestival.org\/en\/#website","url":"https:\/\/sacrafestival.org\/en\/","name":"Sacra Festival","description":"Artes, natureza e vi\u00f1o","potentialAction":[{"@type":"SearchAction","target":{"@type":"EntryPoint","urlTemplate":"https:\/\/sacrafestival.org\/en\/?s={search_term_string}"},"query-input":{"@type":"PropertyValueSpecification","valueRequired":true,"valueName":"search_term_string"}}],"inLanguage":"en-US"},{"@type":"Person","@id":"https:\/\/sacrafestival.org\/en\/#\/schema\/person\/78be82691b29bd34186c0e943b641397","name":"Agustin Sanoguera Gongora","image":{"@type":"ImageObject","inLanguage":"en-US","@id":"https:\/\/sacrafestival.org\/wp-content\/litespeed\/avatar\/4fbca4d1afda4ad5e2c5c9add26fd623.jpg?ver=1777569630","url":"https:\/\/sacrafestival.org\/wp-content\/litespeed\/avatar\/4fbca4d1afda4ad5e2c5c9add26fd623.jpg?ver=1777569630","contentUrl":"https:\/\/sacrafestival.org\/wp-content\/litespeed\/avatar\/4fbca4d1afda4ad5e2c5c9add26fd623.jpg?ver=1777569630","caption":"Agustin Sanoguera Gongora"},"url":"https:\/\/sacrafestival.org\/en\/author\/agus\/"}]}},"_links":{"self":[{"href":"https:\/\/sacrafestival.org\/en\/wp-json\/wp\/v2\/posts\/6625","targetHints":{"allow":["GET"]}}],"collection":[{"href":"https:\/\/sacrafestival.org\/en\/wp-json\/wp\/v2\/posts"}],"about":[{"href":"https:\/\/sacrafestival.org\/en\/wp-json\/wp\/v2\/types\/post"}],"author":[{"embeddable":true,"href":"https:\/\/sacrafestival.org\/en\/wp-json\/wp\/v2\/users\/3"}],"replies":[{"embeddable":true,"href":"https:\/\/sacrafestival.org\/en\/wp-json\/wp\/v2\/comments?post=6625"}],"version-history":[{"count":1,"href":"https:\/\/sacrafestival.org\/en\/wp-json\/wp\/v2\/posts\/6625\/revisions"}],"predecessor-version":[{"id":7195,"href":"https:\/\/sacrafestival.org\/en\/wp-json\/wp\/v2\/posts\/6625\/revisions\/7195"}],"wp:featuredmedia":[{"embeddable":true,"href":"https:\/\/sacrafestival.org\/en\/wp-json\/wp\/v2\/media\/7080"}],"wp:attachment":[{"href":"https:\/\/sacrafestival.org\/en\/wp-json\/wp\/v2\/media?parent=6625"}],"wp:term":[{"taxonomy":"category","embeddable":true,"href":"https:\/\/sacrafestival.org\/en\/wp-json\/wp\/v2\/categories?post=6625"},{"taxonomy":"post_tag","embeddable":true,"href":"https:\/\/sacrafestival.org\/en\/wp-json\/wp\/v2\/tags?post=6625"}],"curies":[{"name":"wp","href":"https:\/\/api.w.org\/{rel}","templated":true}]}}